{"id":758,"date":"2018-06-01T11:24:36","date_gmt":"2018-06-01T09:24:36","guid":{"rendered":"http:\/\/uwg-neumarkt-sankt-veit.de\/?p=758"},"modified":"2018-06-01T11:24:36","modified_gmt":"2018-06-01T09:24:36","slug":"volksfest-tag-der-senioren-erlebnisse-erzaehlungen","status":"publish","type":"post","link":"http:\/\/uwg-neumarkt-sankt-veit.de\/?p=758","title":{"rendered":"Volksfest: Tag der Senioren (Erlebnisse \/ Erz\u00e4hlungen)"},"content":{"rendered":"<p>Jedes Jahr zur Volksfestzeit gibts f\u00fcr alle Senioren ein Biermarkerl und eine gute Brotzeit von der Stadt. <!--more-->Wir von der UWG im Stadtrat lassen uns das nicht zweimal sagen und gehen runter ins Festzelt. Dr. Klaus,(68) ausgenommen, der ist ja noch voll in seiner Zahnarztpraxis besch\u00e4ftigt.<\/p>\n<p>Wir sind ja schon sechs Aspiranten von \u00fcber f\u00fcnfundsechzig Jahren, der Miche (68) der Werner (69) der Franz bald (70) die Irmi und ich mit bald 69.<\/p>\n<p>Der Werner und ich kamen um vier Uhr nachmittags ins Festzelt, viele Opas und Omas an den Tischen, das Zelt war voll und die Barbara hatte die Wurstpakete schon in der K\u00fchlung abgelegt. Werner Kitschke, mein Freund und ich haben die Damen von der Verwaltung angefleht, uns noch ein Biermarkerl zu geben. Wir sind ja ein bisserl bekannt bei denen und sie erf\u00fcllten unseren Wunsch. Draussen vor dem Zelt fanden wir einen sch\u00f6nen Platz, bestellten uns jedem einen Pfiff und rissen die Semmeln auseinander. Es waren Luxuswurstsemmeln mit 200 g Aufschnitt drinnen. Ein Gedicht!<\/p>\n<p>Um 18 Uhr dann &#8222;Tag der guten Nachbarschaft&#8220;, gleich hinter den B\u00fcrgermeisterinnen des Landkreises hatten wir Platz gefunden, sobald fing die Verlosung unter dem \u00a0Stadtk\u00e4mmerer Menzel an.<\/p>\n<p>Werner hatte wieder gro\u00dfes Gl\u00fcck, gewann einen sch\u00f6nen Fresskorb der Brauerei Aldersbach, verteilt ihn aber am Tisch der katholischen Pfarrgemeinderatsgemeinschaft.<\/p>\n<p>Werner war froh beim Volksfestauszug nicht sein neues Trachtensakko angehabt zu haben, es w\u00e4re das gleiche gewesen wie das vom Heimerl Max f\u00fcr 39 Euro vom Stoiber in Ranoldsberg.<\/p>\n<p>Auch wir UWGler bekamen Chips und Schnapspralinen vom\u00a0Pfarrgemeinderatsvorsitzenden gereicht.<\/p>\n<p>Es waren fast alle von uns UWGlern da, \u00a0neben uns die Waldkraiburger Stadtr\u00e4te mit dem bekannten Gustl Schenk und links Neub\u00fcrger aus der Alten Teisinger Stra\u00dfe.<\/p>\n<p>Sie zogen von M\u00fcmchen hierher und f\u00fchlen sich hier sauwohl. Auch mein neuer Freund der Wimmer Georg (Schoos) setzte sich zu uns und erz\u00e4hlte mir vom Schafkopfturnier und von seiner mobilen Baums\u00e4ge. Er hatte mir f\u00fcr die Gestaltung der Schafkopfturnierurkunden ein feines St\u00fcck Gselchtes ( Ger\u00e4uchertes) mitgebracht.<\/p>\n<p>Wir UWGler waren wieder sch\u00f6n dabei, kurz setzte sich der rote Ludwig zu uns her und erz\u00e4hlte mir vom Urlaub mit seinem roten Cabrio TR 5 und seiner lieben Frau am Monte Baldo.<\/p>\n<p>Zur sp\u00e4ten Stunde bestellte sich Klaus noch eine h\u00fcbsche Portion K\u00e4se mit Brezn und lud uns alle ein mitzuessen.<\/p>\n<p>Ein volles Zelt umd gute Stimmung!<\/p>\n<p>Gr\u00fc\u00dfe Emil<\/p>\n","protected":false},"excerpt":{"rendered":"<p>Jedes Jahr zur Volksfestzeit gibts f\u00fcr alle Senioren ein Biermarkerl und eine gute Brotzeit von der Stadt.<\/p><p><a class=\"more-link btn\" href=\"http:\/\/uwg-neumarkt-sankt-veit.de\/?p=758\">Weiterlesen<\/a><\/p>\n","protected":false},"author":1,"featured_media":752,"comment_status":"closed","ping_status":"closed","sticky":false,"template":"","format":"standard","meta":{"footnotes":""},"categories":[42],"tags":[],"class_list":["post-758","post","type-post","status-publish","format-standard","has-post-thumbnail","hentry","category-erinnerungen-erzaehlungen","item-wrap"],"rttpg_featured_image_url":{"full":["http:\/\/uwg-neumarkt-sankt-veit.de\/wp-content\/uploads\/2018\/05\/Hintergrund-Erz\u00e4hlungen.jpg",1280,960,false],"landscape":["http:\/\/uwg-neumarkt-sankt-veit.de\/wp-content\/uploads\/2018\/05\/Hintergrund-Erz\u00e4hlungen.jpg",1280,960,false],"portraits":["http:\/\/uwg-neumarkt-sankt-veit.de\/wp-content\/uploads\/2018\/05\/Hintergrund-Erz\u00e4hlungen.jpg",1280,960,false],"thumbnail":["http:\/\/uwg-neumarkt-sankt-veit.de\/wp-content\/uploads\/2018\/05\/Hintergrund-Erz\u00e4hlungen-150x150.jpg",150,150,true],"medium":["http:\/\/uwg-neumarkt-sankt-veit.de\/wp-content\/uploads\/2018\/05\/Hintergrund-Erz\u00e4hlungen-300x225.jpg",300,225,true],"large":["http:\/\/uwg-neumarkt-sankt-veit.de\/wp-content\/uploads\/2018\/05\/Hintergrund-Erz\u00e4hlungen-1024x768.jpg",770,578,true],"1536x1536":["http:\/\/uwg-neumarkt-sankt-veit.de\/wp-content\/uploads\/2018\/05\/Hintergrund-Erz\u00e4hlungen.jpg",1280,960,false],"2048x2048":["http:\/\/uwg-neumarkt-sankt-veit.de\/wp-content\/uploads\/2018\/05\/Hintergrund-Erz\u00e4hlungen.jpg",1280,960,false],"graphene_slider":["http:\/\/uwg-neumarkt-sankt-veit.de\/wp-content\/uploads\/2018\/05\/Hintergrund-Erz\u00e4hlungen-669x400.jpg",669,400,true],"graphene_featured_image":["http:\/\/uwg-neumarkt-sankt-veit.de\/wp-content\/uploads\/2018\/05\/Hintergrund-Erz\u00e4hlungen.jpg",770,578,false],"post-thumbnail":["http:\/\/uwg-neumarkt-sankt-veit.de\/wp-content\/uploads\/2018\/05\/Hintergrund-Erz\u00e4hlungen-1200x195.jpg",1200,195,true]},"rttpg_author":{"display_name":"UWG-Admin","author_link":"http:\/\/uwg-neumarkt-sankt-veit.de\/?author=1"},"rttpg_comment":0,"rttpg_category":"<a href=\"http:\/\/uwg-neumarkt-sankt-veit.de\/?cat=42\" rel=\"category\">Erlebnisse \/ Erz\u00e4hlungen<\/a>","rttpg_excerpt":"Jedes Jahr zur Volksfestzeit gibts f\u00fcr alle Senioren ein Biermarkerl und eine gute Brotzeit von der Stadt.","_links":{"self":[{"href":"http:\/\/uwg-neumarkt-sankt-veit.de\/index.php?rest_route=\/wp\/v2\/posts\/758","targetHints":{"allow":["GET"]}}],"collection":[{"href":"http:\/\/uwg-neumarkt-sankt-veit.de\/index.php?rest_route=\/wp\/v2\/posts"}],"about":[{"href":"http:\/\/uwg-neumarkt-sankt-veit.de\/index.php?rest_route=\/wp\/v2\/types\/post"}],"author":[{"embeddable":true,"href":"http:\/\/uwg-neumarkt-sankt-veit.de\/index.php?rest_route=\/wp\/v2\/users\/1"}],"replies":[{"embeddable":true,"href":"http:\/\/uwg-neumarkt-sankt-veit.de\/index.php?rest_route=%2Fwp%2Fv2%2Fcomments&post=758"}],"version-history":[{"count":1,"href":"http:\/\/uwg-neumarkt-sankt-veit.de\/index.php?rest_route=\/wp\/v2\/posts\/758\/revisions"}],"predecessor-version":[{"id":759,"href":"http:\/\/uwg-neumarkt-sankt-veit.de\/index.php?rest_route=\/wp\/v2\/posts\/758\/revisions\/759"}],"wp:featuredmedia":[{"embeddable":true,"href":"http:\/\/uwg-neumarkt-sankt-veit.de\/index.php?rest_route=\/wp\/v2\/media\/752"}],"wp:attachment":[{"href":"http:\/\/uwg-neumarkt-sankt-veit.de\/index.php?rest_route=%2Fwp%2Fv2%2Fmedia&parent=758"}],"wp:term":[{"taxonomy":"category","embeddable":true,"href":"http:\/\/uwg-neumarkt-sankt-veit.de\/index.php?rest_route=%2Fwp%2Fv2%2Fcategories&post=758"},{"taxonomy":"post_tag","embeddable":true,"href":"http:\/\/uwg-neumarkt-sankt-veit.de\/index.php?rest_route=%2Fwp%2Fv2%2Ftags&post=758"}],"curies":[{"name":"wp","href":"https:\/\/api.w.org\/{rel}","templated":true}]}}