{"id":472,"date":"2017-01-16T23:38:42","date_gmt":"2017-01-16T22:38:42","guid":{"rendered":"http:\/\/uwg-neumarkt-sankt-veit.de\/?p=472"},"modified":"2017-01-16T23:38:42","modified_gmt":"2017-01-16T22:38:42","slug":"klausurtagung-der-uwg-neumarkt-sankt-veit-am-samstag-den-21-01-2017-von-14-17-uhr-im-stift-s-veit","status":"publish","type":"post","link":"http:\/\/uwg-neumarkt-sankt-veit.de\/?p=472","title":{"rendered":"Klausurtagung der UWG Neumarkt-Sankt Veit am Samstag, den 21.01.2017 von 14-17 Uhr im Stift S.Veit"},"content":{"rendered":"<p>Liebe UWG-Freunde,<\/p>\n<p>wie vielleicht schon den meisten bekannt, halten wir wieder mal eine Klausurtagung ab.<\/p>\n<p>Eingeladen sind die Stadtratsmitglieder und die Stadtratskandidaten 2014. Nat\u00fcrlich k\u00f6nnt Ihr auch jemand mitbringen, der Interesse an der Kommunalpolitik bzw. der UWG hat.<\/p>\n<p>Bitte aber um Mitteilung, damit wir uns organisatorisch darauf vorbereiten k\u00f6nnen.<\/p>\n<p>Desgleichen bitte ich um Mitteilung, wenn Ihr nicht kommen k\u00f6nnt.<\/p>\n<p>Wir haben eigentlich nur drei Themen, die wir besprechen wollen:<\/p>\n<ul>\n<li>Monitoring des Wahlprogrammes von 2014<\/li>\n<li>Vorstellung ISEK (Integriertes St\u00e4dtebauliches Entwicklungskonzept)<\/li>\n<li>Fragen, Vorschl\u00e4ge, Allgemeines<\/li>\n<\/ul>\n<p>Die Klausur soll keinesfalls eine Darstellung der bisherigen Arbeit des B\u00fcrgermeisters\/Stadtratsmitglieder sein, sondern haupts\u00e4chlich der Meinungsbildung f\u00fcr die k\u00fcnftige Arbeit der Stadtratsmitglieder und auch der UWG sein. Deshalb ist es ungemein wichtig, dass m\u00f6glichst viele \u201eNicht-Stadtratsmitglieder\u201c teilnehmen und das Monitoring begleiten und bereichern.<\/p>\n<p>Nat\u00fcrlich k\u00f6nnt Ihr alle noch Vorschl\u00e4ge und Fragen machen, aber bitte wenn m\u00f6glich vorher noch zuschicken, damit wir uns vorbereiten k\u00f6nnen.<\/p>\n","protected":false},"excerpt":{"rendered":"<p>Liebe UWG-Freunde, wie vielleicht schon den meisten bekannt, halten wir wieder mal eine Klausurtagung ab. Eingeladen sind die Stadtratsmitglieder und die Stadtratskandidaten 2014. Nat\u00fcrlich k\u00f6nnt Ihr auch jemand mitbringen, der Interesse an der Kommunalpolitik bzw. der UWG hat. Bitte aber um Mitteilung, damit wir uns organisatorisch darauf vorbereiten k\u00f6nnen. Desgleichen bitte ich um Mitteilung, wenn &hellip; <\/p>\n<p><a class=\"more-link btn\" href=\"http:\/\/uwg-neumarkt-sankt-veit.de\/?p=472\">Weiterlesen<\/a><\/p>\n","protected":false},"author":1,"featured_media":330,"comment_status":"closed","ping_status":"closed","sticky":false,"template":"","format":"standard","meta":{"footnotes":""},"categories":[1],"tags":[],"class_list":["post-472","post","type-post","status-publish","format-standard","has-post-thumbnail","hentry","category-allgemein","item-wrap"],"rttpg_featured_image_url":{"full":["http:\/\/uwg-neumarkt-sankt-veit.de\/wp-content\/uploads\/2016\/09\/Logo-UWG-f\u00fcr-Stadt.bmp",58,49,false],"landscape":["http:\/\/uwg-neumarkt-sankt-veit.de\/wp-content\/uploads\/2016\/09\/Logo-UWG-f\u00fcr-Stadt.bmp",58,49,false],"portraits":["http:\/\/uwg-neumarkt-sankt-veit.de\/wp-content\/uploads\/2016\/09\/Logo-UWG-f\u00fcr-Stadt.bmp",58,49,false],"thumbnail":["http:\/\/uwg-neumarkt-sankt-veit.de\/wp-content\/uploads\/2016\/09\/Logo-UWG-f\u00fcr-Stadt.bmp",58,49,false],"medium":["http:\/\/uwg-neumarkt-sankt-veit.de\/wp-content\/uploads\/2016\/09\/Logo-UWG-f\u00fcr-Stadt.bmp",58,49,false],"large":["http:\/\/uwg-neumarkt-sankt-veit.de\/wp-content\/uploads\/2016\/09\/Logo-UWG-f\u00fcr-Stadt.bmp",58,49,false],"1536x1536":["http:\/\/uwg-neumarkt-sankt-veit.de\/wp-content\/uploads\/2016\/09\/Logo-UWG-f\u00fcr-Stadt.bmp",58,49,false],"2048x2048":["http:\/\/uwg-neumarkt-sankt-veit.de\/wp-content\/uploads\/2016\/09\/Logo-UWG-f\u00fcr-Stadt.bmp",58,49,false],"graphene_slider":["http:\/\/uwg-neumarkt-sankt-veit.de\/wp-content\/uploads\/2016\/09\/Logo-UWG-f\u00fcr-Stadt.bmp",58,49,false],"graphene_featured_image":["http:\/\/uwg-neumarkt-sankt-veit.de\/wp-content\/uploads\/2016\/09\/Logo-UWG-f\u00fcr-Stadt.bmp",58,49,false],"post-thumbnail":["http:\/\/uwg-neumarkt-sankt-veit.de\/wp-content\/uploads\/2016\/09\/Logo-UWG-f\u00fcr-Stadt.bmp",58,49,false]},"rttpg_author":{"display_name":"UWG-Admin","author_link":"http:\/\/uwg-neumarkt-sankt-veit.de\/?author=1"},"rttpg_comment":0,"rttpg_category":"<a href=\"http:\/\/uwg-neumarkt-sankt-veit.de\/?cat=1\" rel=\"category\">Allgemein<\/a>","rttpg_excerpt":"Liebe UWG-Freunde, wie vielleicht schon den meisten bekannt, halten wir wieder mal eine Klausurtagung ab. Eingeladen sind die Stadtratsmitglieder und die Stadtratskandidaten 2014. Nat\u00fcrlich k\u00f6nnt Ihr auch jemand mitbringen, der Interesse an der Kommunalpolitik bzw. der UWG hat. Bitte aber um Mitteilung, damit wir uns organisatorisch darauf vorbereiten k\u00f6nnen. Desgleichen bitte ich um Mitteilung, wenn&hellip;","_links":{"self":[{"href":"http:\/\/uwg-neumarkt-sankt-veit.de\/index.php?rest_route=\/wp\/v2\/posts\/472","targetHints":{"allow":["GET"]}}],"collection":[{"href":"http:\/\/uwg-neumarkt-sankt-veit.de\/index.php?rest_route=\/wp\/v2\/posts"}],"about":[{"href":"http:\/\/uwg-neumarkt-sankt-veit.de\/index.php?rest_route=\/wp\/v2\/types\/post"}],"author":[{"embeddable":true,"href":"http:\/\/uwg-neumarkt-sankt-veit.de\/index.php?rest_route=\/wp\/v2\/users\/1"}],"replies":[{"embeddable":true,"href":"http:\/\/uwg-neumarkt-sankt-veit.de\/index.php?rest_route=%2Fwp%2Fv2%2Fcomments&post=472"}],"version-history":[{"count":1,"href":"http:\/\/uwg-neumarkt-sankt-veit.de\/index.php?rest_route=\/wp\/v2\/posts\/472\/revisions"}],"predecessor-version":[{"id":473,"href":"http:\/\/uwg-neumarkt-sankt-veit.de\/index.php?rest_route=\/wp\/v2\/posts\/472\/revisions\/473"}],"wp:featuredmedia":[{"embeddable":true,"href":"http:\/\/uwg-neumarkt-sankt-veit.de\/index.php?rest_route=\/wp\/v2\/media\/330"}],"wp:attachment":[{"href":"http:\/\/uwg-neumarkt-sankt-veit.de\/index.php?rest_route=%2Fwp%2Fv2%2Fmedia&parent=472"}],"wp:term":[{"taxonomy":"category","embeddable":true,"href":"http:\/\/uwg-neumarkt-sankt-veit.de\/index.php?rest_route=%2Fwp%2Fv2%2Fcategories&post=472"},{"taxonomy":"post_tag","embeddable":true,"href":"http:\/\/uwg-neumarkt-sankt-veit.de\/index.php?rest_route=%2Fwp%2Fv2%2Ftags&post=472"}],"curies":[{"name":"wp","href":"https:\/\/api.w.org\/{rel}","templated":true}]}}